{"id":7852,"date":"2026-04-27T16:24:31","date_gmt":"2026-04-27T19:24:31","guid":{"rendered":"https:\/\/www.positivosmais.com\/?p=7852"},"modified":"2026-04-27T16:27:40","modified_gmt":"2026-04-27T19:27:40","slug":"que-es-el-digital-workplace-y-por-que-va-mas-alla-de-la-tecnologia","status":"publish","type":"post","link":"https:\/\/www.positivosmais.com\/es\/que-es-el-digital-workplace-y-por-que-va-mas-alla-de-la-tecnologia\/","title":{"rendered":"\u00bfQu\u00e9 es el Digital\u00a0Workplace\u00a0y por qu\u00e9 va m\u00e1s all\u00e1 de la tecnolog\u00eda?\u00a0"},"content":{"rendered":"\n<p>En muchas empresas, el trabajo se desarrolla en un entorno que parece contradictorio. Hay tecnolog\u00eda por todas partes, sistemas modernos y m\u00faltiples herramientas disponibles, pero la fluidez simplemente no se produce.&nbsp;&nbsp;&nbsp;<\/p>\n\n\n\n<p>Las personas alternan entre plataformas, se enfrentan a interrupciones constantes y gastan energ\u00eda intentando que el entorno funcione. No es por falta de inversi\u00f3n; en la mayor\u00eda de los casos, se debe a la acumulaci\u00f3n de soluciones inconexas a lo largo del tiempo.&nbsp;&nbsp;<\/p>\n\n\n\n<p>&nbsp;La tecnolog\u00eda est\u00e1 presente, pero no act\u00faa como un soporte silencioso del trabajo. Al contrario, exige una atenci\u00f3n constante y crea fricciones invisibles en el d\u00eda a d\u00eda. Este malestar lo perciben los responsables de TI, los gestores de operaciones y los ejecutivos.&nbsp;&nbsp;<\/p>\n\n\n\n<p>&nbsp;Algo no encaja en el entorno de trabajo digital. Es en este punto donde el concepto de Digital&nbsp;Workplace&nbsp;se vuelve esencial para comprender lo que realmente est\u00e1 sucediendo.&nbsp;&nbsp;<\/p>\n\n\n\n<p>&nbsp;A lo largo de este art\u00edculo, comprender\u00e1s el concepto y la importancia de un trabajo sin fricciones.&nbsp;<\/p>\n\n\n\n<p><strong>Digital&nbsp;Workplace: una definici\u00f3n clara y necesaria<\/strong>&nbsp;<\/p>\n\n\n\n<p>El&nbsp;<a href=\"https:\/\/www.positivosmais.com\/es\/digital-workplace\/\" target=\"_blank\" rel=\"noreferrer noopener\">Digital&nbsp;Workplace<\/a>&nbsp;es el entorno de trabajo digital en el que se desarrollan las actividades diarias dentro de las empresas, mediado por la tecnolog\u00eda, sustentado por procesos y vivido por las personas.&nbsp;&nbsp;<\/p>\n\n\n\n<p>Cuando hablamos de qu\u00e9 es el Digital&nbsp;Workplace, nos referimos a todo aquello que permite que el trabajo se desarrolle de forma continua, desde el acceso a los recursos hasta el soporte necesario para resolver problemas sin interrumpir la operaci\u00f3n.&nbsp;&nbsp;<\/p>\n\n\n\n<p>No se trata de un portafolio de sistemas, ni de una plataforma espec\u00edfica. Tampoco es un proyecto que comienza y termina tras una entrega.&nbsp;&nbsp;<\/p>\n\n\n\n<p>El Digital&nbsp;Workplace&nbsp;es una construcci\u00f3n continua, que conecta tecnolog\u00eda, operaciones y experiencia con un objetivo claro: permitir que el trabajo fluya con menos fricciones y m\u00e1s previsibilidad.&nbsp;&nbsp;<\/p>\n\n\n\n<figure class=\"wp-block-image size-full\"><img fetchpriority=\"high\" decoding=\"async\" width=\"885\" height=\"588\" src=\"https:\/\/www.positivosmais.com\/wp-content\/uploads\/2026\/04\/image-6.png\" alt=\"\" class=\"wp-image-7857\" srcset=\"https:\/\/www.positivosmais.com\/wp-content\/uploads\/2026\/04\/image-6.png 885w, https:\/\/www.positivosmais.com\/wp-content\/uploads\/2026\/04\/image-6-300x199.png 300w, https:\/\/www.positivosmais.com\/wp-content\/uploads\/2026\/04\/image-6-768x510.png 768w\" sizes=\"(max-width: 885px) 100vw, 885px\" \/><\/figure>\n\n\n\n<p>Cuando ese entorno est\u00e1 bien estructurado, la tecnolog\u00eda casi desaparece del campo de visi\u00f3n. Las personas pueden centrarse en lo que tienen que hacer, sin gastar energ\u00eda en intentar manejar el entorno. Cuando este es fr\u00e1gil o est\u00e1 fragmentado, la tecnolog\u00eda deja de ser un apoyo y se convierte en una fuente constante de interrupciones.&nbsp;<\/p>\n\n\n\n<p>El Digital&nbsp;Workplace&nbsp;no se refiere a lo que la empresa compra, sino a c\u00f3mo se desarrolla el trabajo en la pr\u00e1ctica, cada d\u00eda.&nbsp;&nbsp;<\/p>\n\n\n\n<p><strong>Lo que no es Digital&nbsp;Workplace&nbsp;<\/strong>&nbsp;<\/p>\n\n\n\n<p>Parte de la confusi\u00f3n en torno al Digital&nbsp;Workplace&nbsp;se debe a que a menudo se reduce a elementos aislados. Por eso, es importante dejar claro lo que no es.&nbsp;&nbsp;<\/p>\n\n\n\n<p>El Digital&nbsp;Workplace&nbsp;no es una herramienta. Las herramientas forman parte del entorno de trabajo digital, pero no definen la experiencia completa de quienes trabajan.&nbsp;Ninguna soluci\u00f3n aislada es capaz de sostener, por s\u00ed sola, la rutina de una organizaci\u00f3n.&nbsp;&nbsp;<\/p>\n\n\n\n<p>Tampoco es un software. Las plataformas colaborativas, los sistemas de servicio de asistencia o las soluciones de gesti\u00f3n son componentes relevantes, pero siguen siendo solo partes de algo m\u00e1s grande.&nbsp;&nbsp;<\/p>\n\n\n\n<p>El Digital&nbsp;Workplace&nbsp;no es un proyecto aislado. No se implementa y se da por concluido. Evoluciona con el tiempo, acompa\u00f1ando los cambios del negocio, el crecimiento de los equipos y las nuevas formas de trabajar.&nbsp;<\/p>\n\n\n\n<p>Y no se trata de una moda pasajera. El concepto se ha consolidado como respuesta a los cambios estructurales en las empresas, como la digitalizaci\u00f3n acelerada, el trabajo h\u00edbrido y la creciente dependencia de la tecnolog\u00eda para garantizar la continuidad de las operaciones.&nbsp;<\/p>\n\n\n\n<p>La madurez del Digital&nbsp;Workplace&nbsp;evoluciona cuando la tecnolog\u00eda, los procesos y las personas se integran para crear entornos de trabajo m\u00e1s productivos, seguros y centrados en la experiencia del usuario.&nbsp;<\/p>\n\n\n\n<figure class=\"wp-block-image size-full\"><img decoding=\"async\" width=\"882\" height=\"456\" src=\"https:\/\/www.positivosmais.com\/wp-content\/uploads\/2026\/04\/image-4.png\" alt=\"\" class=\"wp-image-7853\" srcset=\"https:\/\/www.positivosmais.com\/wp-content\/uploads\/2026\/04\/image-4.png 882w, https:\/\/www.positivosmais.com\/wp-content\/uploads\/2026\/04\/image-4-300x155.png 300w, https:\/\/www.positivosmais.com\/wp-content\/uploads\/2026\/04\/image-4-768x397.png 768w\" sizes=\"(max-width: 882px) 100vw, 882px\" \/><\/figure>\n\n\n\n<p><strong>Por qu\u00e9 la tecnolog\u00eda por s\u00ed sola no es la soluci\u00f3n<\/strong>&nbsp;<\/p>\n\n\n\n<p>Durante muchos a\u00f1os, la respuesta a los problemas de productividad ha consistido en a\u00f1adir nuevas herramientas al entorno de trabajo. Un sistema para cada necesidad, un canal para cada tipo de solicitud, una soluci\u00f3n para cada problema en particular. Con el tiempo, el efecto acumulado de este enfoque ha sido la fragmentaci\u00f3n del entorno de trabajo digital.&nbsp;&nbsp;<\/p>\n\n\n\n<p>En la pr\u00e1ctica, las personas tienen que alternar entre sistemas que no se comunican entre s\u00ed, el servicio de soporte t\u00e9cnico act\u00faa de forma reactiva y sin una visi\u00f3n completa del contexto del usuario, y el departamento de TI dedica gran parte de su tiempo a resolver s\u00edntomas, en lugar de actuar de forma estructural. El trabajo pierde ritmo, previsibilidad y continuidad.&nbsp;&nbsp;<\/p>\n\n\n\n<p>Es precisamente en este punto donde los an\u00e1lisis recientes de Gartner ayudan a contextualizar el problema.&nbsp;La consultora se\u00f1ala&nbsp;<a href=\"https:\/\/www.positivosmais.com\/es\/digital-workplace\/digital-employee-experience-dex\/\" target=\"_blank\" rel=\"noreferrer noopener\">la experiencia digital de los empleados<\/a>&nbsp;como uno de los principales factores de productividad, continuidad y resiliencia en las organizaciones modernas, y subraya que el reto no radica solo en la&nbsp;tecnolog\u00eda disponible, sino en la forma en que se dise\u00f1a y se sustenta el entorno de trabajo digital.&nbsp;<\/p>\n\n\n\n<p>Cuando nos centramos \u00fanicamente en las herramientas, se pierde el flujo de trabajo. La tecnolog\u00eda no organiza el entorno por s\u00ed sola. Solo potencia lo que ya existe. Los entornos confusos se vuelven a\u00fan m\u00e1s confusos. Los entornos bien estructurados se vuelven m\u00e1s eficientes.&nbsp;<\/p>\n\n\n\n<p><strong>Digital&nbsp;Workplace&nbsp;como entorno vivo&nbsp;<\/strong>&nbsp;<\/p>\n\n\n\n<p>Cuando se entiende el Digital&nbsp;Workplace&nbsp;como un entorno, la l\u00f3gica cambia. Un entorno debe funcionar todos los d\u00edas, mantener la operaci\u00f3n de forma continua y adaptarse a los cambios del negocio y de las personas, sin depender de improvisaciones constantes.&nbsp;&nbsp;<\/p>\n\n\n\n<p>En este contexto, el enfoque deja de centrarse en la herramienta para centrarse en la experiencia del empleado. Esto implica c\u00f3mo las personas acceden a sus recursos, c\u00f3mo resuelven problemas, c\u00f3mo reciben soporte y c\u00f3mo pasan de una tarea a otra sin interrupciones innecesarias.&nbsp;&nbsp;<\/p>\n\n\n\n<p>Gartner destaca que las organizaciones m\u00e1s maduras en materia de Digital&nbsp;Workplace&nbsp;son aquellas que desarrollan la denominada \u00abdestreza digital\u00bb, es decir, la capacidad de las personas para utilizar la tecnolog\u00eda de forma productiva, integrada y alineada con el trabajo real.&nbsp;<\/p>\n\n\n\n<p><strong>Por qu\u00e9 el Digital&nbsp;Workplace&nbsp;se ha convertido en un elemento estrat\u00e9gico para las empresas&nbsp;<\/strong>&nbsp;<\/p>\n\n\n\n<p>Para los responsables de TI y los directores de operaciones, el Digital&nbsp;Workplace&nbsp;ha dejado de ser un mero tema operativo para ocupar ahora un lugar estrat\u00e9gico dentro de las empresas. Esto se debe a que influye directamente en la productividad, la experiencia de los empleados y la continuidad del negocio.&nbsp;&nbsp;<\/p>\n\n\n\n<p>Gartner prev\u00e9 que, para 2027, la mayor\u00eda de los responsables del Digital&nbsp;Workplace&nbsp;incorporar\u00e1n m\u00e9tricas de valor m\u00e1s amplias, incluyendo indicadores de experiencia, sostenibilidad y gobernanza, lo que refuerza la idea de que el entorno de trabajo digital ha dejado de ser solo infraestructura para pasar a formar parte de la estrategia corporativa.&nbsp;<\/p>\n\n\n\n<p><strong>Una reflexi\u00f3n final sobre el futuro del trabajo digital&nbsp;<\/strong>&nbsp;<\/p>\n\n\n\n<p>El Digital&nbsp;Workplace&nbsp;no es algo que llame la atenci\u00f3n a simple vista. Se percibe en la ausencia de fricciones, en el tiempo que deja de desperdiciarse y en la sensaci\u00f3n de que el trabajo se realiza con menos esfuerzo invisible.&nbsp;&nbsp;<\/p>\n\n\n\n<p>Comprender qu\u00e9 es el Digital&nbsp;Workplace&nbsp;es el primer paso para madurar la forma en que las empresas apoyan el trabajo diario, no como un conjunto de soluciones aisladas, sino como un entorno de trabajo digital vivo, que debe ser concebido, gestionado y cuidado de forma continua.&nbsp;<\/p>\n\n\n\n<p>Ahora que ya sabe un poco m\u00e1s sobre este tema, ha llegado el momento de conocerlo todo sobre nuestro Digital&nbsp;Workplace.&nbsp;&nbsp;<\/p>\n\n\n\n<p><a href=\"https:\/\/www.positivosmais.com\/es\/digital-workplace\/\" data-type=\"link\" data-id=\"https:\/\/www.positivosmais.com\/es\/digital-workplace\/\">Conozca el Digital\u00a0Workplace\u00a0de\u00a0PositivoS+\u202f\u00a0<\/a><\/p>\n\n\n\n<p><\/p>\n","protected":false},"excerpt":{"rendered":"<p>En muchas empresas, el trabajo se desarrolla en un entorno que parece contradictorio. Hay tecnolog\u00eda por todas partes, sistemas modernos y m\u00faltiples herramientas disponibles, pero la fluidez simplemente no se produce.&nbsp;&nbsp;&nbsp; Las personas alternan entre plataformas, se enfrentan a interrupciones constantes y gastan energ\u00eda intentando que el entorno funcione. No es por falta de inversi\u00f3n; [&hellip;]<\/p>\n","protected":false},"author":7,"featured_media":7861,"comment_status":"closed","ping_status":"closed","sticky":false,"template":"","format":"standard","meta":{"footnotes":""},"categories":[31],"tags":[],"class_list":["post-7852","post","type-post","status-publish","format-standard","has-post-thumbnail","hentry","category-articulo"],"_links":{"self":[{"href":"https:\/\/www.positivosmais.com\/es\/wp-json\/wp\/v2\/posts\/7852","targetHints":{"allow":["GET"]}}],"collection":[{"href":"https:\/\/www.positivosmais.com\/es\/wp-json\/wp\/v2\/posts"}],"about":[{"href":"https:\/\/www.positivosmais.com\/es\/wp-json\/wp\/v2\/types\/post"}],"author":[{"embeddable":true,"href":"https:\/\/www.positivosmais.com\/es\/wp-json\/wp\/v2\/users\/7"}],"replies":[{"embeddable":true,"href":"https:\/\/www.positivosmais.com\/es\/wp-json\/wp\/v2\/comments?post=7852"}],"version-history":[{"count":3,"href":"https:\/\/www.positivosmais.com\/es\/wp-json\/wp\/v2\/posts\/7852\/revisions"}],"predecessor-version":[{"id":7865,"href":"https:\/\/www.positivosmais.com\/es\/wp-json\/wp\/v2\/posts\/7852\/revisions\/7865"}],"wp:featuredmedia":[{"embeddable":true,"href":"https:\/\/www.positivosmais.com\/es\/wp-json\/wp\/v2\/media\/7861"}],"wp:attachment":[{"href":"https:\/\/www.positivosmais.com\/es\/wp-json\/wp\/v2\/media?parent=7852"}],"wp:term":[{"taxonomy":"category","embeddable":true,"href":"https:\/\/www.positivosmais.com\/es\/wp-json\/wp\/v2\/categories?post=7852"},{"taxonomy":"post_tag","embeddable":true,"href":"https:\/\/www.positivosmais.com\/es\/wp-json\/wp\/v2\/tags?post=7852"}],"curies":[{"name":"wp","href":"https:\/\/api.w.org\/{rel}","templated":true}]}}